{"id":844,"date":"2022-08-16T10:16:06","date_gmt":"2022-08-16T08:16:06","guid":{"rendered":"https:\/\/winfieldracingschool.com\/checkered-flag-on-the-first-winfield-f4-summer-camp-edition\/"},"modified":"2024-08-20T16:47:28","modified_gmt":"2024-08-20T14:47:28","slug":"drapeau-a-damier-sur-la-premiere-edition-du-f4-summer-camp","status":"publish","type":"post","link":"https:\/\/winfieldracingschool.com\/fr\/drapeau-a-damier-sur-la-premiere-edition-du-f4-summer-camp\/","title":{"rendered":"DRAPEAU \u00c0 DAMIER SUR LA PREMI\u00c8RE \u00c9DITION DU F4 SUMMER CAMP"},"content":{"rendered":"<div class=\"post__content\">\n<div class=\"text\">\n<p>&nbsp;<\/p>\n<p><strong>11 participants venus du monde entier. 3 journ\u00e9es compl\u00e8tes de formation. 8 ateliers avec des experts.\u00a0Pr\u00e8s de\u00a0300km en Formule 4. Cette premi\u00e8re \u00e9dition du F4 Summer Camp a permis \u00e0 ces jeunes talents d\u2019accomplir leurs premiers pas vers la r\u00e9ussite en sport automobile.\u00a0<\/strong><\/p>\n<p>La d\u00e9couverte d\u2019un nouvel environnement, de nouvelles m\u00e9thodes de travail, d\u2019une nouvelle voiture\u2026 Quitter le haut niveau de leur discipline pour d\u00e9buter cette transition vers la monoplace est un challenge\u00a0cons\u00e9quent pour tout kartmen\u00a0ou kartwomen.<\/p>\n<p>Pour r\u00e9pondre \u00e0 cette demande, un nouveau programme\u00a0imagin\u00e9 et cr\u00e9\u00e9 par\u00a0<strong>Fr\u00e9d\u00e9ric Garcia<\/strong>, Pr\u00e9sident\u00a0de\u00a0Winfield Group et\u00a0<strong>Anne-Charlotte Remy<\/strong>, Directrice g\u00e9n\u00e9rale de Winfield Racing School voit le jour : le F4 Summer Camp. Cette formation compl\u00e8te a pour but de faire d\u00e9couvrir la Formule 4, en b\u00e9n\u00e9ficiant de l\u2019encadrement des experts de Winfield Racing School. Passerelle entre le karting et la monoplace, ce programme aide les jeunes pilotes \u00e0 avoir une meilleure compr\u00e9hension des qualit\u00e9s requises pour \u00eatre un pilote de course, mais aussi des aspects sur lesquels ils doivent travailler. Fr\u00e9d\u00e9ric Garcia ajoute \u00e0 ce propos : \u00ab <em>Forts de notre exp\u00e9rience, nous essayons d\u2019apporter \u00e0 ces jeunes pilotes toutes les cl\u00e9s pour se pr\u00e9parer \u00e0 leur futur m\u00e9tier de pilote professionnel. Nous voulons leurs faire prendre conscience de tous les aspects importants pour r\u00e9ussir dans notre sport. Nous avons donc imagin\u00e9 ce programme comme une totale immersion en sport automobile, c\u2019est la raison pour laquelle il se d\u00e9roule sur 3 jours avec une mont\u00e9e en puissance sur chaque journ\u00e9e.<\/em> \u00bb<\/p>\n<p>Une carri\u00e8re ne se construit d\u00e9sormais plus uniquement sur le pilotage pur. Elle doit \u00e9galement int\u00e9grer les capacit\u00e9s pour devenir un champion complet, physiquement, professionnellement et mentalement. Les diff\u00e9rents workshops organis\u00e9s le premier jour du Summer Camp permettent aux jeunes talents d\u2019avoir une meilleure compr\u00e9hension des qualit\u00e9s requises : \u00e9valuation physique, s\u00e9ances de simulateur, atelier sur la relation pilote-ing\u00e9nieur, introduction au marketing, etc. Cette journ\u00e9e s\u2019ach\u00e8ve par un trackwalk sur le trac\u00e9 1,8 km du Circuit Paul Ricard. M\u00eame trac\u00e9 utilis\u00e9 50 ans auparavant par Winfield Racing School pour former les plus grands champions du sport auto.<\/p>\n<p>Les deux jours suivants, tous les pilotes se retrouvent au circuit pour un \u00e9chauffement matinal, sous le chant des cigales proven\u00e7ales. Une fois le corps et le mental pr\u00e9par\u00e9s, chacun s\u2019\u00e9quipe et rejoint\u00a0sa\u00a0voiture et m\u00e9canicien attitr\u00e9. Pendant les sessions de roulage, les pilotes sont constamment sous la surveillance d\u2019instructeurs exp\u00e9riment\u00e9s, tous issus du sport automobile.<\/p>\n<p>De retour en pitlane, il est temps de d\u00e9briefer. Pression de freins, point de braquage, angle volant, remise des gaz\u2026 Un seul mot\u00a0d\u2019ordre\u00a0: l\u2019optimisation de leur pilotage !\u00a0\u00a0Les datas et les vid\u00e9os embarqu\u00e9es sont des outils indispensables dans la progression d\u2019un pilote. Les ing\u00e9nieurs et instructeurs Winfield accompagnent les pilotes dans l\u2019analyse de ces diff\u00e9rentes donn\u00e9es.\u00a0<strong>Cyrille Sauvage<\/strong>, instructeur de pilotage WINFIELD, dit\u00a0: \u00ab<em>\u00a0C\u2019est une excellente premi\u00e8re exp\u00e9rience pour ces jeunes talents. Ils sont disciplin\u00e9s, et mettent en application les conseils des coachs. Il y a de gros progr\u00e8s qui sont fait au niveau du\u00a0car control\u00a0et du freinage. Ils prennent \u00e9galement conscience du travail physique \u00e0 entreprendre dans le futur proche pour gagner en endurance au volant d\u2019une monoplace. Ils sont fiers de leur \u00e9volution, sans oublier l\u2019essentiel\u00a0: continuer de travailler dur et prendre du plaisir \u00e0 piloter leur F4 !<\/em>\u00a0\u00bb.<\/p>\n<p>Les pilotes qui ont particip\u00e9 au F4 Summer Camp ont d\u00e9sormais toutes les cl\u00e9s pour accro\u00eetre leur maturit\u00e9 en tant que pilote, mais aussi en tant qu\u2019\u00eatre humain, quel que soit le futur qu\u2019ils choisiront. Fier du succ\u00e8s de cette premi\u00e8re \u00e9dition, toute l\u2019\u00e9quipe Winfield se pr\u00e9pare d\u00e9sormais \u00e0 accueillir l\u2019\u00e9v\u00e9nement FIA Girls On Track \u2013 Rising Stars, un programme innovant qui promeut les talents f\u00e9minins de demain.<\/p>\n<p>Cr\u00e9dit photo\u00a0: \u00a9 WRS \u2013 Alexis Miclo<\/p>\n<\/div>\n<\/div>\n","protected":false},"excerpt":{"rendered":"<p>&nbsp; 11 participants venus du monde entier. 3 journ\u00e9es compl\u00e8tes de formation. 8 ateliers avec des experts.\u00a0Pr\u00e8s de\u00a0300km en Formule 4. Cette premi\u00e8re \u00e9dition du F4 Summer Camp a permis \u00e0 ces jeunes talents d\u2019accomplir leurs premiers pas vers la r\u00e9ussite en sport automobile.\u00a0 La d\u00e9couverte d\u2019un nouvel environnement, de nouvelles m\u00e9thodes de travail, d\u2019une [&hellip;]<\/p>\n","protected":false},"author":3,"featured_media":4748,"comment_status":"closed","ping_status":"closed","sticky":false,"template":"","format":"standard","meta":{"_acf_changed":false,"footnotes":""},"categories":[40],"tags":[],"class_list":["post-844","post","type-post","status-publish","format-standard","has-post-thumbnail","hentry","category-non-classifiee-fr"],"acf":[],"yoast_head":"<!-- This site is optimized with the Yoast SEO plugin v27.5 - https:\/\/yoast.com\/product\/yoast-seo-wordpress\/ -->\n<title>DRAPEAU \u00c0 DAMIER SUR LA PREMI\u00c8RE \u00c9DITION DU F4 SUMMER CAMP - Winfield<\/title>\n<meta name=\"description\" content=\"Clap de fin sur le premier F4 Training Camp. D\u00e9couvrez comment de jeunes talents ont fait leurs premiers pas dans le sport automobile !\" \/>\n<meta name=\"robots\" content=\"index, follow, max-snippet:-1, max-image-preview:large, max-video-preview:-1\" \/>\n<link rel=\"canonical\" href=\"https:\/\/winfieldracingschool.com\/fr\/drapeau-a-damier-sur-la-premiere-edition-du-f4-summer-camp\/\" \/>\n<meta property=\"og:locale\" content=\"fr_FR\" \/>\n<meta property=\"og:type\" content=\"article\" \/>\n<meta property=\"og:title\" content=\"DRAPEAU \u00c0 DAMIER SUR LA PREMI\u00c8RE \u00c9DITION DU F4 SUMMER CAMP - Winfield\" \/>\n<meta property=\"og:description\" content=\"Clap de fin sur le premier F4 Training Camp. D\u00e9couvrez comment de jeunes talents ont fait leurs premiers pas dans le sport automobile !\" \/>\n<meta property=\"og:url\" content=\"https:\/\/winfieldracingschool.com\/fr\/drapeau-a-damier-sur-la-premiere-edition-du-f4-summer-camp\/\" \/>\n<meta property=\"og:site_name\" content=\"Winfield\" \/>\n<meta property=\"article:published_time\" content=\"2022-08-16T08:16:06+00:00\" \/>\n<meta property=\"article:modified_time\" content=\"2024-08-20T14:47:28+00:00\" \/>\n<meta property=\"og:image\" content=\"https:\/\/winfieldracingschool.com\/wp-content\/uploads\/2022\/08\/Template-Article-WRS_2023.jpg\" \/>\n\t<meta property=\"og:image:width\" content=\"463\" \/>\n\t<meta property=\"og:image:height\" content=\"718\" \/>\n\t<meta property=\"og:image:type\" content=\"image\/jpeg\" \/>\n<meta name=\"author\" content=\"estelle\" \/>\n<meta name=\"twitter:card\" content=\"summary_large_image\" \/>\n<meta name=\"twitter:label1\" content=\"\u00c9crit par\" \/>\n\t<meta name=\"twitter:data1\" content=\"estelle\" \/>\n\t<meta name=\"twitter:label2\" content=\"Dur\u00e9e de lecture estim\u00e9e\" \/>\n\t<meta name=\"twitter:data2\" content=\"3 minutes\" \/>\n<script type=\"application\/ld+json\" class=\"yoast-schema-graph\">{\"@context\":\"https:\\\/\\\/schema.org\",\"@graph\":[{\"@type\":\"Article\",\"@id\":\"https:\\\/\\\/winfieldracingschool.com\\\/fr\\\/drapeau-a-damier-sur-la-premiere-edition-du-f4-summer-camp\\\/#article\",\"isPartOf\":{\"@id\":\"https:\\\/\\\/winfieldracingschool.com\\\/fr\\\/drapeau-a-damier-sur-la-premiere-edition-du-f4-summer-camp\\\/\"},\"author\":{\"name\":\"estelle\",\"@id\":\"https:\\\/\\\/winfieldracingschool.com\\\/fr\\\/#\\\/schema\\\/person\\\/ee4be7ab3bf3f1279a72d35b95164792\"},\"headline\":\"DRAPEAU \u00c0 DAMIER SUR LA PREMI\u00c8RE \u00c9DITION DU F4 SUMMER CAMP\",\"datePublished\":\"2022-08-16T08:16:06+00:00\",\"dateModified\":\"2024-08-20T14:47:28+00:00\",\"mainEntityOfPage\":{\"@id\":\"https:\\\/\\\/winfieldracingschool.com\\\/fr\\\/drapeau-a-damier-sur-la-premiere-edition-du-f4-summer-camp\\\/\"},\"wordCount\":705,\"publisher\":{\"@id\":\"https:\\\/\\\/winfieldracingschool.com\\\/fr\\\/#organization\"},\"image\":{\"@id\":\"https:\\\/\\\/winfieldracingschool.com\\\/fr\\\/drapeau-a-damier-sur-la-premiere-edition-du-f4-summer-camp\\\/#primaryimage\"},\"thumbnailUrl\":\"https:\\\/\\\/winfieldracingschool.com\\\/wp-content\\\/uploads\\\/2022\\\/08\\\/Template-Article-WRS_2023.jpg\",\"articleSection\":[\"Non classifi\u00e9(e)\"],\"inLanguage\":\"fr-FR\"},{\"@type\":\"WebPage\",\"@id\":\"https:\\\/\\\/winfieldracingschool.com\\\/fr\\\/drapeau-a-damier-sur-la-premiere-edition-du-f4-summer-camp\\\/\",\"url\":\"https:\\\/\\\/winfieldracingschool.com\\\/fr\\\/drapeau-a-damier-sur-la-premiere-edition-du-f4-summer-camp\\\/\",\"name\":\"DRAPEAU \u00c0 DAMIER SUR LA PREMI\u00c8RE \u00c9DITION DU F4 SUMMER CAMP - Winfield\",\"isPartOf\":{\"@id\":\"https:\\\/\\\/winfieldracingschool.com\\\/fr\\\/#website\"},\"primaryImageOfPage\":{\"@id\":\"https:\\\/\\\/winfieldracingschool.com\\\/fr\\\/drapeau-a-damier-sur-la-premiere-edition-du-f4-summer-camp\\\/#primaryimage\"},\"image\":{\"@id\":\"https:\\\/\\\/winfieldracingschool.com\\\/fr\\\/drapeau-a-damier-sur-la-premiere-edition-du-f4-summer-camp\\\/#primaryimage\"},\"thumbnailUrl\":\"https:\\\/\\\/winfieldracingschool.com\\\/wp-content\\\/uploads\\\/2022\\\/08\\\/Template-Article-WRS_2023.jpg\",\"datePublished\":\"2022-08-16T08:16:06+00:00\",\"dateModified\":\"2024-08-20T14:47:28+00:00\",\"description\":\"Clap de fin sur le premier F4 Training Camp. D\u00e9couvrez comment de jeunes talents ont fait leurs premiers pas dans le sport automobile !\",\"breadcrumb\":{\"@id\":\"https:\\\/\\\/winfieldracingschool.com\\\/fr\\\/drapeau-a-damier-sur-la-premiere-edition-du-f4-summer-camp\\\/#breadcrumb\"},\"inLanguage\":\"fr-FR\",\"potentialAction\":[{\"@type\":\"ReadAction\",\"target\":[\"https:\\\/\\\/winfieldracingschool.com\\\/fr\\\/drapeau-a-damier-sur-la-premiere-edition-du-f4-summer-camp\\\/\"]}]},{\"@type\":\"ImageObject\",\"inLanguage\":\"fr-FR\",\"@id\":\"https:\\\/\\\/winfieldracingschool.com\\\/fr\\\/drapeau-a-damier-sur-la-premiere-edition-du-f4-summer-camp\\\/#primaryimage\",\"url\":\"https:\\\/\\\/winfieldracingschool.com\\\/wp-content\\\/uploads\\\/2022\\\/08\\\/Template-Article-WRS_2023.jpg\",\"contentUrl\":\"https:\\\/\\\/winfieldracingschool.com\\\/wp-content\\\/uploads\\\/2022\\\/08\\\/Template-Article-WRS_2023.jpg\",\"width\":463,\"height\":718},{\"@type\":\"BreadcrumbList\",\"@id\":\"https:\\\/\\\/winfieldracingschool.com\\\/fr\\\/drapeau-a-damier-sur-la-premiere-edition-du-f4-summer-camp\\\/#breadcrumb\",\"itemListElement\":[{\"@type\":\"ListItem\",\"position\":1,\"name\":\"Home\",\"item\":\"https:\\\/\\\/winfieldracingschool.com\\\/fr\\\/\"},{\"@type\":\"ListItem\",\"position\":2,\"name\":\"DRAPEAU \u00c0 DAMIER SUR LA PREMI\u00c8RE \u00c9DITION DU F4 SUMMER CAMP\"}]},{\"@type\":\"WebSite\",\"@id\":\"https:\\\/\\\/winfieldracingschool.com\\\/fr\\\/#website\",\"url\":\"https:\\\/\\\/winfieldracingschool.com\\\/fr\\\/\",\"name\":\"Winfield\",\"description\":\"Circuit automobile &amp; \u00c9cole de pilotage\",\"publisher\":{\"@id\":\"https:\\\/\\\/winfieldracingschool.com\\\/fr\\\/#organization\"},\"potentialAction\":[{\"@type\":\"SearchAction\",\"target\":{\"@type\":\"EntryPoint\",\"urlTemplate\":\"https:\\\/\\\/winfieldracingschool.com\\\/fr\\\/?s={search_term_string}\"},\"query-input\":{\"@type\":\"PropertyValueSpecification\",\"valueRequired\":true,\"valueName\":\"search_term_string\"}}],\"inLanguage\":\"fr-FR\"},{\"@type\":\"Organization\",\"@id\":\"https:\\\/\\\/winfieldracingschool.com\\\/fr\\\/#organization\",\"name\":\"Winfield\",\"url\":\"https:\\\/\\\/winfieldracingschool.com\\\/fr\\\/\",\"logo\":{\"@type\":\"ImageObject\",\"inLanguage\":\"fr-FR\",\"@id\":\"https:\\\/\\\/winfieldracingschool.com\\\/fr\\\/#\\\/schema\\\/logo\\\/image\\\/\",\"url\":\"https:\\\/\\\/winfieldracingschool.com\\\/wp-content\\\/uploads\\\/2023\\\/03\\\/Groupe-452.png\",\"contentUrl\":\"https:\\\/\\\/winfieldracingschool.com\\\/wp-content\\\/uploads\\\/2023\\\/03\\\/Groupe-452.png\",\"width\":186,\"height\":72,\"caption\":\"Winfield\"},\"image\":{\"@id\":\"https:\\\/\\\/winfieldracingschool.com\\\/fr\\\/#\\\/schema\\\/logo\\\/image\\\/\"}},{\"@type\":\"Person\",\"@id\":\"https:\\\/\\\/winfieldracingschool.com\\\/fr\\\/#\\\/schema\\\/person\\\/ee4be7ab3bf3f1279a72d35b95164792\",\"name\":\"estelle\",\"image\":{\"@type\":\"ImageObject\",\"inLanguage\":\"fr-FR\",\"@id\":\"https:\\\/\\\/secure.gravatar.com\\\/avatar\\\/46d774bfd4ccef88a7bd7ae7c7d27083bfdbc5703856f2e32c69d1ca80ad1cd2?s=96&d=mm&r=g\",\"url\":\"https:\\\/\\\/secure.gravatar.com\\\/avatar\\\/46d774bfd4ccef88a7bd7ae7c7d27083bfdbc5703856f2e32c69d1ca80ad1cd2?s=96&d=mm&r=g\",\"contentUrl\":\"https:\\\/\\\/secure.gravatar.com\\\/avatar\\\/46d774bfd4ccef88a7bd7ae7c7d27083bfdbc5703856f2e32c69d1ca80ad1cd2?s=96&d=mm&r=g\",\"caption\":\"estelle\"},\"url\":\"https:\\\/\\\/winfieldracingschool.com\\\/fr\\\/author\\\/estelle\\\/\"}]}<\/script>\n<!-- \/ Yoast SEO plugin. -->","yoast_head_json":{"title":"DRAPEAU \u00c0 DAMIER SUR LA PREMI\u00c8RE \u00c9DITION DU F4 SUMMER CAMP - Winfield","description":"Clap de fin sur le premier F4 Training Camp. D\u00e9couvrez comment de jeunes talents ont fait leurs premiers pas dans le sport automobile !","robots":{"index":"index","follow":"follow","max-snippet":"max-snippet:-1","max-image-preview":"max-image-preview:large","max-video-preview":"max-video-preview:-1"},"canonical":"https:\/\/winfieldracingschool.com\/fr\/drapeau-a-damier-sur-la-premiere-edition-du-f4-summer-camp\/","og_locale":"fr_FR","og_type":"article","og_title":"DRAPEAU \u00c0 DAMIER SUR LA PREMI\u00c8RE \u00c9DITION DU F4 SUMMER CAMP - Winfield","og_description":"Clap de fin sur le premier F4 Training Camp. D\u00e9couvrez comment de jeunes talents ont fait leurs premiers pas dans le sport automobile !","og_url":"https:\/\/winfieldracingschool.com\/fr\/drapeau-a-damier-sur-la-premiere-edition-du-f4-summer-camp\/","og_site_name":"Winfield","article_published_time":"2022-08-16T08:16:06+00:00","article_modified_time":"2024-08-20T14:47:28+00:00","og_image":[{"width":463,"height":718,"url":"https:\/\/winfieldracingschool.com\/wp-content\/uploads\/2022\/08\/Template-Article-WRS_2023.jpg","type":"image\/jpeg"}],"author":"estelle","twitter_card":"summary_large_image","twitter_misc":{"\u00c9crit par":"estelle","Dur\u00e9e de lecture estim\u00e9e":"3 minutes"},"schema":{"@context":"https:\/\/schema.org","@graph":[{"@type":"Article","@id":"https:\/\/winfieldracingschool.com\/fr\/drapeau-a-damier-sur-la-premiere-edition-du-f4-summer-camp\/#article","isPartOf":{"@id":"https:\/\/winfieldracingschool.com\/fr\/drapeau-a-damier-sur-la-premiere-edition-du-f4-summer-camp\/"},"author":{"name":"estelle","@id":"https:\/\/winfieldracingschool.com\/fr\/#\/schema\/person\/ee4be7ab3bf3f1279a72d35b95164792"},"headline":"DRAPEAU \u00c0 DAMIER SUR LA PREMI\u00c8RE \u00c9DITION DU F4 SUMMER CAMP","datePublished":"2022-08-16T08:16:06+00:00","dateModified":"2024-08-20T14:47:28+00:00","mainEntityOfPage":{"@id":"https:\/\/winfieldracingschool.com\/fr\/drapeau-a-damier-sur-la-premiere-edition-du-f4-summer-camp\/"},"wordCount":705,"publisher":{"@id":"https:\/\/winfieldracingschool.com\/fr\/#organization"},"image":{"@id":"https:\/\/winfieldracingschool.com\/fr\/drapeau-a-damier-sur-la-premiere-edition-du-f4-summer-camp\/#primaryimage"},"thumbnailUrl":"https:\/\/winfieldracingschool.com\/wp-content\/uploads\/2022\/08\/Template-Article-WRS_2023.jpg","articleSection":["Non classifi\u00e9(e)"],"inLanguage":"fr-FR"},{"@type":"WebPage","@id":"https:\/\/winfieldracingschool.com\/fr\/drapeau-a-damier-sur-la-premiere-edition-du-f4-summer-camp\/","url":"https:\/\/winfieldracingschool.com\/fr\/drapeau-a-damier-sur-la-premiere-edition-du-f4-summer-camp\/","name":"DRAPEAU \u00c0 DAMIER SUR LA PREMI\u00c8RE \u00c9DITION DU F4 SUMMER CAMP - Winfield","isPartOf":{"@id":"https:\/\/winfieldracingschool.com\/fr\/#website"},"primaryImageOfPage":{"@id":"https:\/\/winfieldracingschool.com\/fr\/drapeau-a-damier-sur-la-premiere-edition-du-f4-summer-camp\/#primaryimage"},"image":{"@id":"https:\/\/winfieldracingschool.com\/fr\/drapeau-a-damier-sur-la-premiere-edition-du-f4-summer-camp\/#primaryimage"},"thumbnailUrl":"https:\/\/winfieldracingschool.com\/wp-content\/uploads\/2022\/08\/Template-Article-WRS_2023.jpg","datePublished":"2022-08-16T08:16:06+00:00","dateModified":"2024-08-20T14:47:28+00:00","description":"Clap de fin sur le premier F4 Training Camp. D\u00e9couvrez comment de jeunes talents ont fait leurs premiers pas dans le sport automobile !","breadcrumb":{"@id":"https:\/\/winfieldracingschool.com\/fr\/drapeau-a-damier-sur-la-premiere-edition-du-f4-summer-camp\/#breadcrumb"},"inLanguage":"fr-FR","potentialAction":[{"@type":"ReadAction","target":["https:\/\/winfieldracingschool.com\/fr\/drapeau-a-damier-sur-la-premiere-edition-du-f4-summer-camp\/"]}]},{"@type":"ImageObject","inLanguage":"fr-FR","@id":"https:\/\/winfieldracingschool.com\/fr\/drapeau-a-damier-sur-la-premiere-edition-du-f4-summer-camp\/#primaryimage","url":"https:\/\/winfieldracingschool.com\/wp-content\/uploads\/2022\/08\/Template-Article-WRS_2023.jpg","contentUrl":"https:\/\/winfieldracingschool.com\/wp-content\/uploads\/2022\/08\/Template-Article-WRS_2023.jpg","width":463,"height":718},{"@type":"BreadcrumbList","@id":"https:\/\/winfieldracingschool.com\/fr\/drapeau-a-damier-sur-la-premiere-edition-du-f4-summer-camp\/#breadcrumb","itemListElement":[{"@type":"ListItem","position":1,"name":"Home","item":"https:\/\/winfieldracingschool.com\/fr\/"},{"@type":"ListItem","position":2,"name":"DRAPEAU \u00c0 DAMIER SUR LA PREMI\u00c8RE \u00c9DITION DU F4 SUMMER CAMP"}]},{"@type":"WebSite","@id":"https:\/\/winfieldracingschool.com\/fr\/#website","url":"https:\/\/winfieldracingschool.com\/fr\/","name":"Winfield","description":"Circuit automobile &amp; \u00c9cole de pilotage","publisher":{"@id":"https:\/\/winfieldracingschool.com\/fr\/#organization"},"potentialAction":[{"@type":"SearchAction","target":{"@type":"EntryPoint","urlTemplate":"https:\/\/winfieldracingschool.com\/fr\/?s={search_term_string}"},"query-input":{"@type":"PropertyValueSpecification","valueRequired":true,"valueName":"search_term_string"}}],"inLanguage":"fr-FR"},{"@type":"Organization","@id":"https:\/\/winfieldracingschool.com\/fr\/#organization","name":"Winfield","url":"https:\/\/winfieldracingschool.com\/fr\/","logo":{"@type":"ImageObject","inLanguage":"fr-FR","@id":"https:\/\/winfieldracingschool.com\/fr\/#\/schema\/logo\/image\/","url":"https:\/\/winfieldracingschool.com\/wp-content\/uploads\/2023\/03\/Groupe-452.png","contentUrl":"https:\/\/winfieldracingschool.com\/wp-content\/uploads\/2023\/03\/Groupe-452.png","width":186,"height":72,"caption":"Winfield"},"image":{"@id":"https:\/\/winfieldracingschool.com\/fr\/#\/schema\/logo\/image\/"}},{"@type":"Person","@id":"https:\/\/winfieldracingschool.com\/fr\/#\/schema\/person\/ee4be7ab3bf3f1279a72d35b95164792","name":"estelle","image":{"@type":"ImageObject","inLanguage":"fr-FR","@id":"https:\/\/secure.gravatar.com\/avatar\/46d774bfd4ccef88a7bd7ae7c7d27083bfdbc5703856f2e32c69d1ca80ad1cd2?s=96&d=mm&r=g","url":"https:\/\/secure.gravatar.com\/avatar\/46d774bfd4ccef88a7bd7ae7c7d27083bfdbc5703856f2e32c69d1ca80ad1cd2?s=96&d=mm&r=g","contentUrl":"https:\/\/secure.gravatar.com\/avatar\/46d774bfd4ccef88a7bd7ae7c7d27083bfdbc5703856f2e32c69d1ca80ad1cd2?s=96&d=mm&r=g","caption":"estelle"},"url":"https:\/\/winfieldracingschool.com\/fr\/author\/estelle\/"}]}},"_links":{"self":[{"href":"https:\/\/winfieldracingschool.com\/fr\/wp-json\/wp\/v2\/posts\/844","targetHints":{"allow":["GET"]}}],"collection":[{"href":"https:\/\/winfieldracingschool.com\/fr\/wp-json\/wp\/v2\/posts"}],"about":[{"href":"https:\/\/winfieldracingschool.com\/fr\/wp-json\/wp\/v2\/types\/post"}],"author":[{"embeddable":true,"href":"https:\/\/winfieldracingschool.com\/fr\/wp-json\/wp\/v2\/users\/3"}],"replies":[{"embeddable":true,"href":"https:\/\/winfieldracingschool.com\/fr\/wp-json\/wp\/v2\/comments?post=844"}],"version-history":[{"count":7,"href":"https:\/\/winfieldracingschool.com\/fr\/wp-json\/wp\/v2\/posts\/844\/revisions"}],"predecessor-version":[{"id":6283,"href":"https:\/\/winfieldracingschool.com\/fr\/wp-json\/wp\/v2\/posts\/844\/revisions\/6283"}],"wp:featuredmedia":[{"embeddable":true,"href":"https:\/\/winfieldracingschool.com\/fr\/wp-json\/wp\/v2\/media\/4748"}],"wp:attachment":[{"href":"https:\/\/winfieldracingschool.com\/fr\/wp-json\/wp\/v2\/media?parent=844"}],"wp:term":[{"taxonomy":"category","embeddable":true,"href":"https:\/\/winfieldracingschool.com\/fr\/wp-json\/wp\/v2\/categories?post=844"},{"taxonomy":"post_tag","embeddable":true,"href":"https:\/\/winfieldracingschool.com\/fr\/wp-json\/wp\/v2\/tags?post=844"}],"curies":[{"name":"wp","href":"https:\/\/api.w.org\/{rel}","templated":true}]}}